{"id":296,"date":"2024-11-24T16:33:46","date_gmt":"2024-11-24T16:33:46","guid":{"rendered":"https:\/\/turkiyefahritrafik.org.tr\/?p=296"},"modified":"2024-11-24T16:41:47","modified_gmt":"2024-11-24T16:41:47","slug":"olagan-ustu-genel-kurul-gundemi-ve-degisen-tuzuk-maddeleri","status":"publish","type":"post","link":"https:\/\/turkiyefahritrafik.org.tr\/?p=296","title":{"rendered":"Ola\u011fan \u00dcst\u00fc Genel Kurul G\u00fcndemi ve De\u011fi\u015fen T\u00fcz\u00fck Maddeleri"},"content":{"rendered":"\t\t<div data-elementor-type=\"wp-post\" data-elementor-id=\"296\" class=\"elementor elementor-296\">\n\t\t\t\t<div class=\"elementor-element elementor-element-3f3a62f9 e-flex e-con-boxed e-con e-parent\" data-id=\"3f3a62f9\" data-element_type=\"container\">\n\t\t\t\t\t<div class=\"e-con-inner\">\n\t\t\t\t<div class=\"elementor-element elementor-element-50327b2a elementor-widget elementor-widget-text-editor\" data-id=\"50327b2a\" data-element_type=\"widget\" data-widget_type=\"text-editor.default\">\n\t\t\t\t<div class=\"elementor-widget-container\">\n\t\t\t<style>\/*! elementor - v3.21.0 - 22-05-2024 *\/\n.elementor-widget-text-editor.elementor-drop-cap-view-stacked .elementor-drop-cap{background-color:#69727d;color:#fff}.elementor-widget-text-editor.elementor-drop-cap-view-framed .elementor-drop-cap{color:#69727d;border:3px solid;background-color:transparent}.elementor-widget-text-editor:not(.elementor-drop-cap-view-default) .elementor-drop-cap{margin-top:8px}.elementor-widget-text-editor:not(.elementor-drop-cap-view-default) .elementor-drop-cap-letter{width:1em;height:1em}.elementor-widget-text-editor .elementor-drop-cap{float:left;text-align:center;line-height:1;font-size:50px}.elementor-widget-text-editor .elementor-drop-cap-letter{display:inline-block}<\/style>\t\t\t\t<!-- wp:paragraph -->\n<p style=\"text-align: left;\">\u00a0\u00a0\u00a0\u00a0\u00a0\u00a0\u00a0\u00a0\u00a0\u00a0\u00a0\u00a0 <span style=\"color: #0000ff;\">G\u00dcNDEM<\/span><\/p>\n<p><span style=\"color: #0000ff;\"><!-- \/wp:paragraph --><!-- wp:paragraph --><\/span><\/p>\n<p style=\"text-align: left;\"><span style=\"color: #0000ff;\">\u00a0\u00a0\u00a0\u00a0\u00a0\u00a0\u00a0\u00a0\u00a0\u00a0\u00a0\u00a0 1-Yoklama ve a\u00e7\u0131l\u0131\u015f.<\/span><\/p>\n<p><span style=\"color: #0000ff;\"><!-- \/wp:paragraph --><!-- wp:paragraph --><\/span><\/p>\n<p style=\"text-align: left;\"><span style=\"color: #0000ff;\">\u00a0\u00a0\u00a0\u00a0\u00a0\u00a0\u00a0\u00a0\u00a0\u00a0\u00a0\u00a0 2-Sayg\u0131 duru\u015fu.<\/span><\/p>\n<p><span style=\"color: #0000ff;\"><!-- \/wp:paragraph --><!-- wp:paragraph --><\/span><\/p>\n<p style=\"text-align: left;\"><span style=\"color: #0000ff;\">\u00a0\u00a0\u00a0\u00a0\u00a0\u00a0\u00a0\u00a0\u00a0\u00a0\u00a0\u00a0 3-Ba\u015fkanl\u0131k divan\u0131 se\u00e7imi.<\/span><\/p>\n<p><span style=\"color: #0000ff;\"><!-- \/wp:paragraph --><!-- wp:paragraph --><\/span><\/p>\n<p style=\"text-align: left;\"><span style=\"color: #0000ff;\">\u00a0\u00a0\u00a0\u00a0\u00a0\u00a0\u00a0\u00a0\u00a0\u00a0\u00a0\u00a0 4-Y\u00f6netim Kurulu Faaliyet Raporunun okunmas\u0131 ve de\u011ferlendirilmesi.<\/span><\/p>\n<p><span style=\"color: #0000ff;\"><!-- \/wp:paragraph --><!-- wp:paragraph --><\/span><\/p>\n<p style=\"text-align: left;\"><span style=\"color: #0000ff;\">\u00a0\u00a0\u00a0\u00a0\u00a0\u00a0\u00a0\u00a0\u00a0\u00a0\u00a0\u00a0 5-Denetleme Kurulu raporunun okunmas\u0131.<\/span><\/p>\n<p><span style=\"color: #0000ff;\"><!-- \/wp:paragraph --><!-- wp:paragraph --><\/span><\/p>\n<p style=\"text-align: left;\"><span style=\"color: #0000ff;\">\u00a0\u00a0\u00a0\u00a0\u00a0\u00a0\u00a0\u00a0\u00a0\u00a0\u00a0\u00a0 6-Y\u00f6netim Kurulunun ibra edilmesi.<\/span><\/p>\n<p><span style=\"color: #0000ff;\"><!-- \/wp:paragraph --><!-- wp:paragraph --><\/span><\/p>\n<p style=\"text-align: left;\"><span style=\"color: #0000ff;\">\u00a0\u00a0\u00a0\u00a0\u00a0\u00a0\u00a0\u00a0\u00a0\u00a0\u00a0\u00a0 7-Yeni y\u00f6netim kurulu se\u00e7imi.<\/span><\/p>\n<p><span style=\"color: #0000ff;\"><!-- \/wp:paragraph --><!-- wp:paragraph --><\/span><\/p>\n<p style=\"text-align: left;\"><span style=\"color: #0000ff;\">\u00a0\u00a0\u00a0\u00a0\u00a0\u00a0\u00a0\u00a0\u00a0\u00a0\u00a0\u00a0 8-T\u00fcz\u00fc\u011f\u00fcn 1-3-5-7-9-10-16 ve 17 maddelerinin de\u011fi\u015fiklik yap\u0131lmas\u0131n\u0131n de\u011ferlendirilmesi.<\/span><\/p>\n<p><span style=\"color: #0000ff;\"><!-- \/wp:paragraph --><!-- wp:paragraph --><\/span><\/p>\n<p style=\"text-align: left;\"><span style=\"color: #0000ff;\">\u00a0\u00a0\u00a0\u00a0\u00a0\u00a0\u00a0\u00a0\u00a0\u00a0\u00a0\u00a0 9-Kapan\u0131\u015f.<\/span><\/p>\n<!-- \/wp:paragraph --><!-- wp:paragraph -->\n<p>T\u00dcRK\u0130YE FAHR\u0130 TRAF\u0130K M\u00dcFETT\u0130\u015eLER\u0130 TRAF\u0130K VE YOL G\u00dcVENL\u0130\u011e\u0130 DERNE\u011e\u0130 T\u00dcZ\u00dcK DE\u011e\u0130\u015e\u0130KL\u0130\u011e\u0130 FORMU.<\/p>\n<!-- \/wp:paragraph --><!-- wp:paragraph -->\n<p>Madde 1-Derne\u011fin ad\u0131 ve adresi.<\/p>\n<!-- \/wp:paragraph --><!-- wp:paragraph -->\n<p>Eski metin: Derne\u011fin ad\u0131 T\u00fcrkiye Fahri Trafik M\u00fcfetti\u015fleri Trafik ve Yol G\u00fcvenli\u011fi derne\u011fi olup, k\u0131sa ad\u0131 (T\u00fcrkiye FTM-DER) dir. Derne\u011fin Genel Merkezi Ankara\u2019dad\u0131r. (T\u00fcrkiye Kelimesi Bakanlar Kurulunun 27\/03\/2003 tarih ve 5442 Say\u0131l\u0131 karar\u0131 ile verilmi\u015ftir.)<\/p>\n<!-- \/wp:paragraph --><!-- wp:paragraph -->\n<p>Yeni metin:Derne\u011fin ad\u0131 \u201cT\u00fcrkiye Fahri Trafik M\u00fcfetti\u015fleri Derne\u011fi\u201d k\u0131sa ad\u0131 T\u00dcRK\u0130YE FTM-DER) Genel Merkezi Ankara\u2019d\u0131r.<\/p>\n<!-- \/wp:paragraph --><!-- wp:paragraph -->\n<p>Madde 3- Derne\u011fin \u00c7al\u0131\u015fma \u015eekli ve Alanlar\u0131.<\/p>\n<!-- \/wp:paragraph --><!-- wp:paragraph -->\n<p>Eski Metin: Derne\u011fin amac\u0131n\u0131 ger\u00e7ekle\u015ftirmek i\u00e7in,<\/p>\n<!-- \/wp:paragraph --><!-- wp:paragraph -->\n<p>a-Trafikte sivil denetimin etkin, verimli ve geli\u015ftirilmesi i\u00e7in konferans, panel ve a\u00e7\u0131k oturumlar yapar.<\/p>\n<!-- \/wp:paragraph --><!-- wp:paragraph -->\n<p>b-Bas\u0131n ve TV yoluyla trafik kazalar\u0131n\u0131n azalt\u0131lmas\u0131n\u0131 ve kitlelerin bilin\u00e7lendirilmesini sa\u011flamak.<\/p>\n<!-- \/wp:paragraph --><!-- wp:paragraph -->\n<p>h- Trafik ve Yol g\u00fcvenli\u011fi ile ilgili olarak vs bast\u0131rmak ve da\u011f\u0131tmak. s\u00fcreli veya s\u00fcresiz gazete, dergi, bro\u015f\u00fcr vs. bast\u0131rmak da\u011f\u0131tmak.<\/p>\n<!-- \/wp:paragraph --><!-- wp:paragraph -->\n<p>j- T\u00fcm bu \u00e7al\u0131\u015fmalar\u0131 ger\u00e7ekle\u015ftirmek i\u00e7in gerekti\u011finde vak\u0131flar, federasyonlar kurmak veya kurulan bir federasyona dahil olmakt\u0131r.<\/p>\n<!-- \/wp:paragraph --><!-- wp:paragraph -->\n<p>Yeni Metin:<\/p>\n<!-- \/wp:paragraph --><!-- wp:paragraph -->\n<p>a-Trafikte sivil denetimin \u00f6nemini anlatmak.<\/p>\n<!-- \/wp:paragraph --><!-- wp:paragraph -->\n<p>b-Yaz\u0131l\u0131, \u00a0g\u00f6rsel, \u0130\u015fitsel ve sosyal medya dahil her t\u00fcrl\u00fc ileti\u015fim ara\u00e7lar\u0131 ile trafik bilincini geli\u015ftirecek, gerekti\u011finde trafik mevzuat\u0131nda iyile\u015ftirmeler yap\u0131lmas\u0131 i\u00e7in giri\u015fimlerde bulunmak, trafik kurallar\u0131na uymaman\u0131n olas\u0131 tehlikelerini anlatacak faaliyetlerde bulunmak.<\/p>\n<!-- \/wp:paragraph --><!-- wp:paragraph -->\n<p>h-Trafik ve Yol g\u00fcvenli\u011fi ile ilgili s\u00fcreli veya s\u00fcresiz gazete, dergi, bro\u015f\u00fcr, video yay\u0131n\u0131, sosyal medya payla\u015f\u0131mlar\u0131 ile trafik bilincini art\u0131rmak.<\/p>\n<!-- \/wp:paragraph --><!-- wp:paragraph -->\n<p>j-Bu \u00e7al\u0131\u015fmalar\u0131 ger\u00e7ekle\u015ftirmek i\u00e7in gerekti\u011finde y\u00f6netim kurulu karar\u0131 ile vak\u0131f kurmak kurulmu\u015f vak\u0131f\u0131 dernek b\u00fcnyesine almak, kurulmu\u015f Fahri Trafik M\u00fcfetti\u015fleri Derne\u011fini b\u00fcnyesine al\u0131p b\u00fct\u00fcnle\u015fmek, federasyon, konfederasyon kurmak kurulmu\u015f olanlar\u0131 dernek b\u00fcnyesine al\u0131p b\u00fct\u00fcnle\u015ftirmek.<\/p>\n<!-- \/wp:paragraph --><!-- wp:paragraph -->\n<p>Madde 5-Derne\u011fin \u00dcyeleri.<\/p>\n<!-- \/wp:paragraph --><!-- wp:paragraph -->\n<p>Eski Metin: a-Asil \u00dcyelik: Derne\u011fin amac\u0131n\u0131 kabul eden ve Fahri Trafik M\u00fcfetti\u015fli\u011fi Kimli\u011fi ta\u015f\u0131yan her ki\u015fi derne\u011fe yaz\u0131l\u0131 m\u00fcracaat ile asil \u00fcye olabilir. Kurucular derne\u011fin asli \u00fcyesidir. \u00dcyeli\u011fe ba\u015fvuru 30 g\u00fcn i\u00e7inde sonu\u00e7land\u0131r\u0131larak yaz\u0131 ile taraflara bildirilir. Fahri Trafik m\u00fcfetti\u015fli\u011finden ihra\u00e7 edilenveya bu g\u00f6revden kendi r\u0131zas\u0131 ile istifa eden \u00fcyenin \u00fcyeli\u011fi de kendili\u011finden d\u00fc\u015fer. Her \u00fcye kendi r\u0131zas\u0131 ile dernekten yaz\u0131l\u0131 ba\u015fvuru yapmak suretiyle ayr\u0131labilir. Aidat\u0131n\u0131 alt\u0131 ay \u00f6demeyen \u00fcyenin de \u00fcyeli\u011fi tebli\u011f tarihinden itibaren yine \u00f6demez ise 30 g\u00fcn i\u00e7erisinde kendili\u011finden d\u00fc\u015fer. \u00dcyelikten \u00e7\u0131kart\u0131lan \u00fcyenin ilk genel kurula itiraz etme hakk\u0131 mevcut olup, genel kurulun bu husustaki verece\u011fi karar kesindir.<\/p>\n<!-- \/wp:paragraph --><!-- wp:paragraph -->\n<p>Yeni Metin: a- Derne\u011fin ama\u00e7lar\u0131n\u0131 kabul eden Fahri Trafik M\u00fcfetti\u015fi se\u00e7ilme \u015fartlar\u0131na sahip olarak se\u00e7ilmi\u015f Fahri Trafik M\u00fcfetti\u015fleri yaz\u0131l\u0131 talepte bulunarak derne\u011fe \u00fcye olabilirler. Dernek y\u00f6netimi \u00fcyelik talebi en ge\u00e7 30 g\u00fcn i\u00e7inde karara ba\u011flar ve dilek\u00e7e sahibine bilgi verir. Fahri Trafik M\u00fcfetti\u015fli\u011fi g\u00f6revi mahkeme karar\u0131yla iptal edilenler derne\u011fe \u00fcye olamazlar. \u00dcye olmu\u015flarsa \u00fcyelikten \u00e7\u0131kar\u0131l\u0131rlar. Mahkeme karar\u0131 d\u0131\u015f\u0131nda ba\u015fka sebeplerle Fahri Trafik M\u00fcfetti\u015fli\u011fi sonland\u0131r\u0131lanlar derne\u011fe \u00fcye olabilirler. T\u00fcz\u00fck de\u011fi\u015fikli\u011fi yap\u0131lana kadar \u00fcyeli\u011fi d\u00fc\u015fm\u00fc\u015f olanlar tekraren \u00fcyelikten d\u00fc\u015fmemi\u015f gibi \u00fcyeli\u011fi devam eder.<\/p>\n<!-- \/wp:paragraph --><!-- wp:paragraph -->\n<p>b- Onur \u00dcyeli\u011fi:<\/p>\n<!-- \/wp:paragraph --><!-- wp:paragraph -->\n<p>Eski Metin: Derne\u011fimizin yurt i\u00e7i ve d\u0131\u015f\u0131 \u00e7al\u0131\u015fmalar\u0131na b\u00fcrokratik, maddi katk\u0131 veya dok\u00fcman\u00a0 veya bilgi anlam\u0131nda destek veren yol g\u00f6steren \u0130\u00e7i\u015fleri, Ula\u015ft\u0131rma ve Bay\u0131nd\u0131rl\u0131k ve \u0130skan Bakan\u0131, Milli E\u011fitim ve Sa\u011fl\u0131k Bakanlar\u0131 ile Emniyet Genel M\u00fcd\u00fcr\u00fc, Jandarma Genel Komutan\u0131, \u0130l Jandarma Alay Komutan\u0131, Karayollar\u0131 Genel M\u00fcd\u00fcr\u00fc-B\u00f6lge M\u00fcd\u00fcr\u00fc, B\u00fcy\u00fck\u015fehir Belediye Ba\u015fkanlar\u0131, \u0130l Belediye Ba\u015fkanlar\u0131 ,Trafikten sorumlu Genel M\u00fcd\u00fcr Yard\u0131mc\u0131lar\u0131, Valiler ,\u0130l Emniyet M\u00fcd\u00fcrleri, T\u015eOF Ba\u015fkanlar\u0131, \u00dcniversitelerin ula\u015ft\u0131rma veya trafik b\u00f6l\u00fcm ba\u015fkanlar\u0131, ana bilim dal\u0131 ba\u015fkanlar\u0131, \u00f6\u011fretim \u00fcyeleri, trafik alan\u0131 ile u\u011fra\u015fan \u00f6zel sekt\u00f6r yetkilileri Derne\u011fin onur \u00fcyesi\u00a0 olabilirler. Ayr\u0131ca trafikte toplumsal bilincin geli\u015ftirilmesi i\u00e7in 35 ya\u015f\u0131n\u0131 a\u015fm\u0131\u015f y\u00fcksek okul mezunu 5 y\u0131ll\u0131k s\u00fcr\u00fcc\u00fc belgesi sahibi ve ge\u00e7mi\u015fe y\u00f6nelik son 5 y\u0131l i\u00e7inde asli kusurlu \u00f6l\u00fcml\u00fc olarak bir trafik su\u00e7u i\u015flememi\u015f ki\u015filer aras\u0131ndan iki FTM\u2019nin referans\u0131 ile derne\u011fe onur \u00fcyeli\u011fi yap\u0131labilir.<\/p>\n<!-- \/wp:paragraph --><!-- wp:paragraph -->\n<p>Onur \u00fcyeleri her t\u00fcrl\u00fc \u00e7al\u0131\u015fma, \u00f6neri ve \u00e7\u00f6z\u00fcm \u00fcretmede dernek faaliyetlerine kat\u0131labilirler ve genel kurula misafir olarak ta i\u015ftirak edebilirler. Bunlar\u0131n oy hakk\u0131 yoktur. Bir \u00fcye ayn\u0131 zamanda Fahri Trafik M\u00fcfetti\u015fi ise onur \u00fcyesi olamaz. Onur \u00fcyesi bulunan bir kimse daha sonra Fahri Trafik M\u00fcfetti\u015fi oldu\u011funda onur \u00fcyeli\u011fi sona erer. Onur \u00fcyeleri i\u00e7in ayr\u0131 bir defter tutularak durumlar\u0131, aidat veya ba\u011f\u0131\u015flar\u0131 izlenir.<\/p>\n<!-- \/wp:paragraph --><!-- wp:paragraph -->\n<p>b-Yeni Metin: \u00a0Onur \u00fcyeli\u011fi, Fahri Trafik M\u00fcfetti\u015fi olmayan trafik bilinci geli\u015fmi\u015f ve derne\u011fe faydas\u0131 olaca\u011f\u0131 anla\u015f\u0131lan ki\u015filer iki \u00fcyenin olumlu referans\u0131 ile derne\u011fe onur \u00fcyesi olabilir. Onur \u00fcyeleri ayr\u0131 bir deftere kaydedilir. Genel kurullarda oy haklar\u0131 yoktur.<\/p>\n<!-- \/wp:paragraph --><!-- wp:paragraph -->\n<p>Madde 7- Genel Kurul.<\/p>\n<!-- \/wp:paragraph --><!-- wp:paragraph -->\n<p>a-\u00c7a\u011fr\u0131 Usul\u00fc:<\/p>\n<!-- \/wp:paragraph --><!-- wp:paragraph -->\n<p>Eski Metin: Genel Kurul toplant\u0131ya y\u00f6netim kurulunca \u00e7a\u011fr\u0131l\u0131r. Bu \u00e7a\u011fr\u0131 denetleme kurulu veya dernek \u00fcyelerinin be\u015fte birinin yaz\u0131l\u0131 iste\u011fi \u00fczerine de ola\u011fan\u00fcst\u00fc olarak ta yap\u0131labilir. Y\u00f6netim Kurulu, dernek t\u00fcz\u00fc\u011f\u00fcne g\u00f6re genel kurula kat\u0131lmaya hak kazanan \u00fcyelerin listelerini d\u00fczenler. Genel kurul toplant\u0131dan en az 15 g\u00fcn \u00f6nceden g\u00fcn\u00fc, saati ve yeri de belli olmak \u00fczere mahalli bir gazete veya yaz\u0131 ile duyuruldu\u011fu gibi elektronik posta ile de duyurulur. Ola\u011fan ve ola\u011fan\u00fcst\u00fc toplant\u0131larda \u00e7o\u011funluk sa\u011flanamad\u0131\u011f\u0131 hallerde ikinci toplant\u0131n\u0131n yap\u0131l\u0131\u015f \u015fekli de yine ayn\u0131 \u015fekilde yer, tarih ve saat belirtilerek t\u00fcm \u00fcyelere duyurulur. \u0130lk toplant\u0131 ile ikinci toplant\u0131 aras\u0131ndaki mesafe bir haftadan az 15 g\u00fcnden fazla olamaz.<\/p>\n<!-- \/wp:paragraph --><!-- wp:paragraph -->\n<p>Yeni Metin: Ola\u011fan Genel Kurul y\u00f6netim kurulunun iste\u011fi ile toplan\u0131r. Y\u00f6netim veya denetim kurulunun gerekli g\u00f6rd\u00fc\u011f\u00fc hallerde veya dernek \u00fcyelerinden be\u015fte birinin yaz\u0131l\u0131 iste\u011fi \u00fczerine otuz g\u00fcn i\u00e7inde ola\u011fan\u00fcst\u00fc toplan\u0131r. Ola\u011fan genel kurul toplant\u0131lar\u0131n\u0131n en ge\u00e7 \u00fc\u00e7 y\u0131lda bir kas\u0131m ay\u0131nda yap\u0131l\u0131r.<\/p>\n<!-- \/wp:paragraph --><!-- wp:paragraph -->\n<p>b- Toplant\u0131 Usul\u00fc:<\/p>\n<!-- \/wp:paragraph --><!-- wp:paragraph -->\n<p>Eski\u00a0 Metin: Kurucu ve asil \u00fcyeler ile \u015fubelerden gelen delegelerden olu\u015fur. Her \u00fcyenin genel kurulda bir oy hakk\u0131 vard\u0131r. Vekaleten oy kullan\u0131lamaz. Genel kurula derne\u011fe bir ay \u00f6ncesinden aidat \u00f6deyen \u00fcyeler kat\u0131labilir ve oy kullanabilir. Aidat\u0131n\u0131 \u00f6demeyen di\u011fer \u00fcyeler genel kurulda oy kullanamazlar. Kongreye kat\u0131lan asil \u00fcyeler imza kar\u015f\u0131l\u0131\u011f\u0131nda oy kullan\u0131rlar. Onur \u00fcyeleri ayr\u0131 bir yerde oturtulabilir. Bunlar\u0131n oy hakk\u0131 yoktur. Genel kurulda kararlar kat\u0131lanlar\u0131n salt \u00e7o\u011funlu\u011fu ile al\u0131n\u0131r. T\u00fcz\u00fck de\u011fi\u015fiklikleri ise kat\u0131lanlar\u0131n 2\/3 \u00e7o\u011funlu\u011fu ile al\u0131narak i\u015fleme konulur. Sonu\u00e7lar ve t\u00fcz\u00fck de\u011fi\u015fiklikleri 30 g\u00fcn i\u00e7erisinde usul\u00fcne uygun olarak M\u00fclki amirli\u011fe bildirilir. Genel kurul her iki y\u0131lda bir ola\u011fan olarak Ekim ay\u0131nda yap\u0131l\u0131r.<\/p>\n<!-- \/wp:paragraph --><!-- wp:paragraph -->\n<p>Yeni Metin: Y\u00f6netim kurulu, dernek t\u00fcz\u00fc\u011f\u00fcne g\u00f6re genel kurula kat\u0131lma hakk\u0131 bulunan \u00fcyelerin listesini d\u00fczenler. Genel kurula kat\u0131lma hakk\u0131 bulunan \u00fcyeler; en az onbe\u015f g\u00fcn \u00f6nceden, toplant\u0131n\u0131n g\u00fcn\u00fc, saati, yeri ve g\u00fcndemi duyurur. \u0130lk toplant\u0131da \u00e7o\u011funluk sa\u011flanamazsa ikinci toplant\u0131n\u0131n hangi g\u00fcn, saat ve yerde yap\u0131laca\u011f\u0131 da belirtilir. \u0130lk toplant\u0131 ile ikinci toplant\u0131 aras\u0131ndaki s\u00fcre yedi g\u00fcnden az, altm\u0131\u015f g\u00fcnden fazla olamaz. Genel kurulu y\u00f6netmek \u00fczere bir ba\u015fkan bir ba\u015fkan yard\u0131mc\u0131s\u0131 ve yeteri kadar yazman \u00fcye se\u00e7ilerek divan olu\u015fturulur. Genel kurulda her \u00fcyenin bir oy hakk\u0131 vard\u0131r; \u00fcye oyunu \u015fahsen kullanmak zorundad\u0131r. Genel Kurul Bakanl\u0131\u011f\u0131n onaylad\u0131\u011f\u0131 elektronik ortamda yap\u0131l\u0131r ve belgeleri elektronik ortamda saklan\u0131r. Genel kurul elektronik ortamda yap\u0131lsa bile fiziki ortamda yap\u0131ld\u0131\u011f\u0131 gibi b\u00fct\u00fcn usul ve esaslar ge\u00e7erlidir.<\/p>\n<!-- \/wp:paragraph --><!-- wp:paragraph -->\n<p>Madde 9: Y\u00f6netim Kurulu.<\/p>\n<!-- \/wp:paragraph --><!-- wp:paragraph -->\n<p>Eski Metin: G\u00f6rev alanlar\u0131 t\u00fcz\u00fckte yaz\u0131l\u0131 bulunan y\u00f6netim kuruluna genel kurulca asil \u00fcyeler aras\u0131ndan gizli oyla iki y\u0131l i\u00e7in yedi asil \u00fcye ve yedi yedek \u00fcye se\u00e7ilir. Y\u00f6netim kurulu kendi aras\u0131ndan:<\/p>\n<!-- \/wp:paragraph --><!-- wp:paragraph -->\n<p>1 Genel ba\u015fkan, 1 genel ba\u015fkan yard\u0131mc\u0131s\u0131, 1 Genel Sekreter, 1 E\u011fitim Genel Sekreteri, 1 Te\u015fkilatland\u0131rma Genel sekreteri, 1 D\u0131\u015f \u0130li\u015fkiler Sekreteri, 1 Mali genel Sekreter se\u00e7erek g\u00f6revini icra eder.<\/p>\n<!-- \/wp:paragraph --><!-- wp:paragraph -->\n<p>Y\u00f6netim kuruluna se\u00e7ilen \u00fcyelerin bilgisayar kullanan, trafik ve yol g\u00fcvenli\u011fi konular\u0131nda mesul veya \u00f6zel e\u011fitim alm\u0131\u015f ki\u015filerden se\u00e7ilmesi tercihen yap\u0131l\u0131r. Derne\u011fi Genel Ba\u015fkan temsil eder. Genel ba\u015fkan\u0131n olmad\u0131\u011f\u0131 zamanlarda ise genel ba\u015fkan yard\u0131mc\u0131s\u0131 vekil olarak temsil ve y\u00f6netim kuruluna&#8217; da ba\u015fkanl\u0131k eder. Y\u00f6nelim kurulu ayda bir normal olarak ve gerekti\u011finde daha fazla toplant\u0131ya \u00e7a\u011fr\u0131labilir. Toplant\u0131lar da karar \u00e7o\u011funluk ile al\u0131n\u0131r. Toplant\u0131 g\u00fcndemi genel sekreterlik\u00e7e 48 saat \u00f6nceden \u00fcyelere e-posta, faks veya telefonla bildirilir. Gerekli \u00f6zr\u00fc olmaks\u0131z\u0131n y\u00f6netim kurulu toplant\u0131s\u0131na \u00fcst \u00fcste (\u00fc\u00e7 defa kat\u0131lmayan \u00fcyenin \u00fcyeli\u011fi kendili\u011finden d\u00fc\u015fer. \u00dcyeli\u011fi d\u00fc\u015fen veya istifa eden veya herhangi bir \u015fekilde \u00fcyelikten ayr\u0131lan bir \u00fcyenin yerine s\u0131ras\u0131 ile yedekten y\u00f6netim kuruluna g\u00f6rev i\u00e7lin \u00e7a\u011fr\u0131l\u0131r. Aral\u0131ks\u0131z \u00fc\u00e7 d\u00f6nem genel ba\u015fkanl\u0131k yapan \u00fcye, onursal genel ba\u015fkan olarak tan\u0131mlan\u0131r. Y\u00f6netim kurulu dernekle kar\u015f\u0131 t\u00fcm faaliyetlerinden ve toplant\u0131lar\u0131ndan herhangi bir \u00fccret veya benzeri bir menfaat sa\u011flayamaz.&#8221; Y\u00f6netim kurulu a\u015fa\u011f\u0131daki hususlar\u0131 yerine getirir.<\/p>\n<!-- \/wp:paragraph --><!-- wp:paragraph -->\n<p>1-l\u015f ve i\u015flemleri dernek ba\u015fkan\u0131n i\u015ftiraki ve \u00e7ift imza ile yapmak,<\/p>\n<!-- \/wp:paragraph --><!-- wp:paragraph -->\n<p>2-Traf\u0131k kazalar\u0131 ile ilgili mevzuat \u00e7al\u0131\u015fmalar\u0131n\u0131 takip etmek ve katk\u0131da bulunmak,<\/p>\n<!-- \/wp:paragraph --><!-- wp:paragraph -->\n<p>3-H\u00fck\u00fcmete \u00f6neriler ve projeler sunmak,<\/p>\n<!-- \/wp:paragraph --><!-- wp:paragraph -->\n<p>4-Yurt i\u00e7i ve d\u0131\u015f\u0131- g\u00f6zlem ve deneyimleri topluma aktarmak,<\/p>\n<!-- \/wp:paragraph --><!-- wp:paragraph -->\n<p>5-Bas\u0131r\u0131 ve TV yoluyla Fahri Trafik M\u00fcfetti\u015fli\u011fini tan\u0131tmak;<\/p>\n<!-- \/wp:paragraph --><!-- wp:paragraph -->\n<p>6-Kazalar\u0131n sebep ve sonu\u00e7lan, de\u011ferlendirilmesi ve istatistiki bilgileri kamuoyuna aktarmak<\/p>\n<!-- \/wp:paragraph --><!-- wp:paragraph -->\n<p>7- Trafik kazalar\u0131ndan do\u011fan insan haklar\u0131 ihlalleri ile ilgili \u00e7al\u0131\u015fmalarda bulunmak, gerekti\u011finde mahkemelerde m\u00fcdahil avukat bulundurarak ma\u011fdur insanlar\u0131n haklar\u0131n\u0131 savunmak.<\/p>\n<!-- \/wp:paragraph --><!-- wp:paragraph -->\n<p>8-Fahri Trafik M\u00fcfetti\u015flerinin mesleki ve di\u011fer sosyal alanlarda geli\u015fmelerini ve dayan\u0131\u015fmalar\u0131n\u0131 sa\u011flamak.<\/p>\n<!-- \/wp:paragraph --><!-- wp:paragraph -->\n<p>9-Bakanl\u0131klar, Valilikler ve di\u011fer kamu kurulu\u015flar\u0131 ve sivil toplum \u00f6rg\u00fctleri ile i\u015f birli\u011fi yaparak yeni bilgi ve belgeleri veya hukuki kararlar\u0131 \u00fcyelerine duyurmak.<\/p>\n<!-- \/wp:paragraph --><!-- wp:paragraph -->\n<p>10-Ara\u015ft\u0131rma ve inceleme raporlar\u0131n\u0131 ve di\u011fer bilgileri t\u00fcm \u00fcyelere duyurmak.<\/p>\n<!-- \/wp:paragraph --><!-- wp:paragraph -->\n<p>11-Deme\u011fin gelir ve gider dengelerini g\u00f6zetmek, y\u0131ll\u0131k b\u00fct\u00e7eleri haz\u0131rlamak ve genel kurula sunmak,<\/p>\n<!-- \/wp:paragraph --><!-- wp:paragraph -->\n<p>12-Mevzuat h\u00fck\u00fcmlerine ve dernek faaliyetlerine ayk\u0131r\u0131 davranan \u00fcyenin disiplin kuruluna sevkini sa\u011flamak ve ihra\u00e7 kararlar\u0131n\u0131 tebli\u011f etmek.<\/p>\n<!-- \/wp:paragraph --><!-- wp:paragraph -->\n<p>13-\u00dcyelerinin bilgi ve g\u00f6rg\u00fclerini art\u0131rmak i\u00e7in yurt i\u00e7i ve yurt d\u0131\u015f\u0131 ara\u015ft\u0131rma veya inceleme gezileri d\u00fczenlemek; panel ve a\u00e7\u0131k oturumlara kat\u0131lmak veya temsilci g\u00f6ndermek,<\/p>\n<!-- \/wp:paragraph --><!-- wp:paragraph -->\n<p>14-Gene\u0131 Kurul kararlar\u0131 do\u011frultusunda t\u00fcz\u00fc\u011f\u00fcm\u00fcz\u00fcn 13 ve 14\u2019\u00fcnc\u00fc maddelerine g\u00f6re illerdeki \u015fubelerin a\u00e7\u0131lmas\u0131na veya kapat\u0131lmas\u0131na dair i\u015flemleri tamamlamak,<\/p>\n<!-- \/wp:paragraph --><!-- wp:paragraph -->\n<p>15-\u015eube a\u00e7\u0131lamayan illerde trafikte sivil oto kontrol sisteminin ve trafik bilincinin geli\u015ftirilmesi i\u00e7in uygun g\u00f6r\u00fclen ve tercihen bilgisayar kullanabilen en fazla iki fahri trafik M\u00fcfetti\u015fine y\u00f6netim kurulu karan ile Dernekler Kanunun Kanununun 24.Maddesl gere\u011fince temsilcilik vermek ve t\u00fcz\u00fck h\u00fck\u00fcmleri \u00e7er\u00e7evesinde \u00e7al\u0131\u015fmalar\u0131n\u0131 takip etmek veya verilen temsilcili\u011fi iptal etmek ve durumu il Valili\u011fine bildirmek.(19.11.2005)<\/p>\n<!-- \/wp:paragraph --><!-- wp:paragraph -->\n<p>16-Y\u00f6netim kurulu olarak Kanun gere\u011fince her y\u0131l Nis.an ay\u0131 i\u00e7erisinde Derne\u011fin faaliyetleri, gelir ve gider durumlar\u0131 ile ilgili bilgileri kapsayan Genel ba\u015fkan ve \u015fubelerde ba\u015fkan\u0131n imzalayaca\u011f\u0131 beyannameleri il Dernekler M\u00fcd\u00fcrl\u00fc\u011f\u00fcne vermek,<\/p>\n<!-- \/wp:paragraph --><!-- wp:paragraph -->\n<p>17-Dernek t\u00fcz\u00fc\u011f\u00fc ve kanunlar \u00e7er\u00e7evesinde di\u011fer i\u015flemleri yapmak.<\/p>\n<!-- \/wp:paragraph --><!-- wp:paragraph -->\n<p>Yeni Metin: Y\u00f6netim Kurulu 7 veya 5 \u00fcyeden olu\u015fur ve \u00fcyeler aras\u0131ndan 3 y\u0131ll\u0131\u011f\u0131na se\u00e7ilir. Y\u00f6netim Kurulu toplant\u0131lar\u0131 fiziki ortamda yap\u0131labilece\u011fi gibi yasada izin verilen sistem \u00fczerinden elektronik ortamda da yap\u0131labilir. Y\u00f6netim kurulu eski t\u00fcz\u00fckteki g\u00f6revleri aynen yerine getirdi\u011fi gibi Y\u00f6netim kurulu derne\u011fin ama\u00e7lar\u0131n\u0131 ger\u00e7ekle\u015ftirmek i\u00e7in yasalar\u0131n izin verdi\u011fi \u015fekilde g\u00f6rev yapar. Derne\u011fin banka hesab\u0131n\u0131 bankac\u0131l\u0131k mevzuat\u0131na g\u00f6re Genel Ba\u015fkan ve Y\u00f6netim Kurulunu yetki verece\u011fi bir \u00fcye \u0130nternet \u00fczerinden veya bizzat bankaya giderek m\u00fcnferiden kullanabilir. Rutin d\u0131\u015f\u0131 harcamalar y\u00f6netim kurulu karar\u0131 ile yap\u0131l\u0131r.<\/p>\n<!-- \/wp:paragraph --><!-- wp:paragraph -->\n<p>Madde 10: Denetleme Kurulu.<\/p>\n<!-- \/wp:paragraph --><!-- wp:paragraph -->\n<p>Eski Metin: \u00dc\u00e7 asil ve \u00fc\u00e7 yedek \u00fcye olmak \u00fczere iki y\u0131ll\u0131\u011f\u0131na genel kurulca se\u00e7ilir. Demek t\u00fcz\u00fc\u011f\u00fcne ve dernekler kanunu h\u00fck\u00fcmlerine g\u00f6re y\u0131lda en az iki defa her t\u00fcrl\u00fc inceleme ve kontrollerini yaparak genel kurula sunulmak \u00fczere raporlar\u0131n\u0131 tanzim ederler.<\/p>\n<!-- \/wp:paragraph --><!-- wp:paragraph -->\n<p>Dernek genel merkezi ve \u015fubeler gerekti\u011finde ba\u011f\u0131ms\u0131z denetim kurullar\u0131na veya \u00fcyelerden uzman bir ekibe i\u00e7 denetimde yapt\u0131rarak derne\u011fin daha etkili ve verimli \u00e7al\u0131\u015fmalar\u0131n\u0131 sa\u011flarlar. Raporlar yazd\u0131rabilirler. Denetim kuruluna fahri trafik m\u00fcfetti\u015fleri d\u0131\u015f\u0131ndan trafik ve denetimle ilgili uzman ki\u015filerde se\u00e7ilebilirler.<\/p>\n<!-- \/wp:paragraph --><!-- wp:paragraph -->\n<p>Yeni Metin: Denetleme Kurulu 3 \u00fcyeden olu\u015fur. Her y\u0131l\u0131n sonunda denetim rapor haz\u0131rlar.<\/p>\n<!-- \/wp:paragraph --><!-- wp:paragraph -->\n<p>Madde 16: Derne\u011fin Gelirleri.<\/p>\n<!-- \/wp:paragraph --><!-- wp:paragraph -->\n<p>Eski Metin: Derne\u011fin gelirleri a\u015fa\u011f\u0131daki \u015feklide yap\u0131l\u0131r.<\/p>\n<!-- \/wp:paragraph --><!-- wp:list {\"ordered\":true,\"type\":\"lower-alpha\"} -->\n<ol style=\"list-style-type: lower-alpha;\"><!-- wp:list-item -->\n<li>Giri\u015f ve \u00fcye aidatlar\u0131,<\/li>\n<!-- \/wp:list-item --><!-- wp:list-item -->\n<li>Dernek \u015eube gelirlerinin \u00bc den,(yeni a\u00e7\u0131lan \u015fubelerden bir y\u0131l aidat al\u0131nmaz. Dernek devlet b\u00fct\u00e7esinden yard\u0131m ald\u0131\u011f\u0131 takdirde ihtiyaca g\u00f6re \u015fubelere de yard\u0131m edebilir.)<\/li>\n<!-- \/wp:list-item --><!-- wp:list-item -->\n<li>Her t\u00fcrl\u00fc yap\u0131lacak etkinliklerden, sosyal faaliyetlerden<\/li>\n<!-- \/wp:list-item --><!-- wp:list-item -->\n<li>Derne\u011fin mal varl\u0131klar\u0131ndan, telif, terc\u00fcme, e\u011fitim, bilirki\u015filik, yay\u0131n ve ticari i\u015fletmelerden, dan\u0131\u015fmanl\u0131k, trafik m\u00fc\u015favirli\u011fi, trafik sigorta acenteli\u011fi veya temsilcili\u011fi hizmetlerinden, sponsor kurulu\u015flardan (19, 11.2005)<\/li>\n<!-- \/wp:list-item --><!-- wp:list-item -->\n<li>Yard\u0131m toplama mevzuat\u0131na g\u00f6re toplanacak ba\u011f\u0131\u015f ve yard\u0131mlardan,<\/li>\n<!-- \/wp:list-item --><!-- wp:list-item -->\n<li>\u00a0\u00a0\u00a0\u00a0Derne\u011fin i\u015fletti\u011fi tesis veya lokallerden,<\/li>\n<!-- \/wp:list-item --><!-- wp:list-item -->\n<li>Dernek, sendikalardan, meslek odalar\u0131ndan ve ayn\u0131 amac\u0131 ta\u015f\u0131yan sivil toplum kurulu\u015flar\u0131 olan dernek ve vak\u0131flardan yard\u0131m alabilir. (30.11.2001}<\/li>\n<!-- \/wp:list-item --><!-- wp:list-item -->\n<li>Derne\u011fin d\u0131\u015f \u00fclkelerdeki ger\u00e7ek veya t\u00fczel ki\u015filerden ayni veya nakdi yard\u0131m almas\u0131 \u00f6nceden m\u00fclki idare amirli\u011fine bildirilir. Nakli yard\u0131mlar Derne\u011fin banka hesaplar\u0131na yat\u0131r\u0131l\u0131r.<\/li>\n<!-- \/wp:list-item --><!-- wp:list-item -->\n<li>\u00a0\u00a0\u00a0Yukar\u0131da say\u0131lan t\u00fcm gelirlerin en az %80\u2019i 2.nci madde de yaz\u0131l\u0131 ama\u00e7lar i\u00e7in kullan\u0131lmak zorundad\u0131r. (30.11.2001)<\/li>\n<!-- \/wp:list-item --><\/ol>\n<!-- \/wp:list --><!-- wp:paragraph -->\n<p>\u00a0Derne\u011fe giri\u015f bir TL. Olup, y\u0131ll\u0131k \u00fcye aidat\u0131 on iki TL dir. Ancak bu miktar yap\u0131lan genel kurullarda g\u00fcn\u00fcn \u015fartlar\u0131na g\u00f6re art\u0131r\u0131labilir. Deme\u011fin yukar\u0131da say\u0131lan gelirleri giderleri kar\u015f\u0131layamaz ise, gerekti\u011finde ger\u00e7ek ki\u015fi veya t\u00fczel kurulu\u015flardan bor\u00e7 al\u0131nabilir. Bunun gerek\u00e7esi, miktar\u0131 ve al\u0131nma ko\u015fullar\u0131 y\u00f6netim kurulunca belirlenerek karar defterine yaz\u0131l\u0131r<\/p>\n<!-- \/wp:paragraph --><!-- wp:paragraph -->\n<p>Yeni Metin: \u00dcye aidatlar\u0131, ba\u011f\u0131\u015f ve yard\u0131mlar, Derne\u011fin y\u00fcr\u00fctt\u00fc\u011f\u00fc faaliyetler sonucu elde etti\u011fi gelirler. Dan\u0131\u015fmanl\u0131k hizmet gelirleri, Derne\u011fin i\u015fletece\u011fi tesis ve lokallerden, Kanunun izin verdi\u011fi ba\u015fka etkinliklerden gelir elde eder.<\/p>\n<!-- \/wp:paragraph --><!-- wp:paragraph -->\n<p>Madde 17: Tutulacak Defterler.<\/p>\n<!-- \/wp:paragraph --><!-- wp:paragraph -->\n<p>Eski Metin: Dernek a\u015fa\u011f\u0131daki defterleri tutmak zorundad\u0131r.<\/p>\n<!-- \/wp:paragraph --><!-- wp:paragraph -->\n<p>\u0130\u015fletme hesab\u0131 esas\u0131na g\u00f6re \u00fcye Kay\u0131t defteri, karar i\u015fletme hesab\u0131 defleri ve envanter defteridir. Ayr\u0131ca al\u0131nd\u0131 belgesi kay\u0131t defleri de tutulur. Bu defterler noterden tasdik edildikten sonra kullan\u0131l\u0131rlar. Dernek ayr\u0131ca kendisinin l\u00fczumlu g\u00f6rd\u00fc\u011f\u00fc kay\u0131t ve ar\u015fivleri tutarak derne\u011fin daha titiz \u00e7al\u0131\u015fmas\u0131n\u0131, mesleki a\u00e7\u0131dan da bilgi, belge ve projeleri saklamak zorundad\u0131r. B\u00fct\u00e7e gelirleri i\u015fletme hesab\u0131 limitleri \u00fczerine \u00e7\u0131k\u0131lmas\u0131 halinde ise, dernek bilan\u00e7o esas\u0131na g\u00f6re defterlerini kanun ve y\u00f6netmelikte belirtilen esaslara g\u00f6re tutmak zorundad\u0131r.<\/p>\n<!-- \/wp:paragraph --><!-- wp:paragraph -->\n<p>Dernek gelirlerinin toplanmas\u0131nda kullan\u0131lacak al\u0131nd\u0131 belgeleri y\u00f6netim kurulu karar\u0131 ile bast\u0131r\u0131l\u0131r. Dernek gelirlerini toplayacak \u00fcyelerimiz y\u00f6netim kurulu karar\u0131 ile belirlenecek adlar\u0131na yetki belgesi d\u00fczenlenir. T\u00fcm harcama al\u0131nd\u0131 belgesi gelirlere ait belge ve faturalar be\u015f y\u0131l saklanmak zorundad\u0131r:(525.3 S.K. Mad-11)<\/p>\n<!-- \/wp:paragraph --><!-- wp:paragraph -->\n<p>Yeni Metin: Dernek Karar defteri, \u00fcye kay\u0131t defteri, evrak kay\u0131t defteri, i\u015fletme defteri tutmak zorundad\u0131r. Defterler Sivil Toplum \u0130li\u015fkileri Genel M\u00fcd\u00fcrl\u00fc\u011f\u00fc te\u015fkilat\u0131n\u0131n onay\u0131 ile kullan\u0131l\u0131r.<\/p>\n<!-- \/wp:paragraph --><!-- wp:paragraph -->\n<p>T\u00fcz\u00fc\u011f\u00fcn di\u011fer maddeleri aynen ge\u00e7erlidir.<\/p>\n<!-- \/wp:paragraph --><!-- wp:paragraph -->\n<p>T\u00fcz\u00fckte yaz\u0131lmayan hususlar i\u00e7in yasal mevzuat h\u00fck\u00fcmleri ge\u00e7erlidir.<\/p>\n<!-- \/wp:paragraph -->\t\t\t\t\t\t<\/div>\n\t\t\t\t<\/div>\n\t\t\t\t\t<\/div>\n\t\t\t\t<\/div>\n\t\t\t\t<\/div>\n\t\t","protected":false},"excerpt":{"rendered":"<p>&nbsp;&nbsp;&nbsp;&nbsp;&nbsp;&nbsp;&nbsp;&nbsp;&nbsp;&nbsp;&nbsp;&nbsp;&nbsp;&nbsp;&nbsp;&nbsp;&nbsp;&nbsp;&nbsp;&nbsp;&nbsp;&nbsp;&nbsp;&nbsp;&nbsp;&nbsp;&nbsp;&nbsp;&nbsp;&nbsp;&nbsp;&nbsp;&nbsp;&nbsp;&nbsp;&nbsp; G\u00dcNDEM &nbsp;&nbsp;&nbsp;&nbsp;&nbsp;&nbsp;&nbsp;&nbsp;&nbsp;&nbsp;&nbsp;&nbsp; 1-Yoklama ve a\u00e7\u0131l\u0131\u015f. &nbsp;&nbsp;&nbsp;&nbsp;&nbsp;&nbsp;&nbsp;&nbsp;&nbsp;&nbsp;&nbsp;&nbsp; 2-Sayg\u0131 duru\u015fu. &nbsp;&nbsp;&nbsp;&nbsp;&nbsp;&nbsp;&nbsp;&nbsp;&nbsp;&nbsp;&nbsp;&nbsp; 3-Ba\u015fkanl\u0131k divan\u0131 se\u00e7imi. &nbsp;&nbsp;&nbsp;&nbsp;&nbsp;&nbsp;&nbsp;&nbsp;&nbsp;&nbsp;&nbsp;&nbsp; 4-Y\u00f6netim Kurulu Faaliyet Raporunun okunmas\u0131 ve de\u011ferlendirilmesi. &nbsp;&nbsp;&nbsp;&nbsp;&nbsp;&nbsp;&nbsp;&nbsp;&nbsp;&nbsp;&nbsp;&nbsp; 5-Denetleme Kurulu raporunun okunmas\u0131. &nbsp;&nbsp;&nbsp;&nbsp;&nbsp;&nbsp;&nbsp;&nbsp;&nbsp;&nbsp;&nbsp;&nbsp; 6-Y\u00f6netim Kurulunun ibra edilmesi. &nbsp;&nbsp;&nbsp;&nbsp;&nbsp;&nbsp;&nbsp;&nbsp;&nbsp;&nbsp;&nbsp;&nbsp; 7-Yeni y\u00f6netim kurulu se\u00e7imi. &nbsp;&nbsp;&nbsp;&nbsp;&nbsp;&nbsp;&nbsp;&nbsp;&nbsp;&nbsp;&nbsp;&nbsp; 8-T\u00fcz\u00fc\u011f\u00fcn 1-3-5-7-9-10-16 ve 17 maddelerinin de\u011fi\u015fiklik yap\u0131lmas\u0131n\u0131n de\u011ferlendirilmesi. &nbsp;&nbsp;&nbsp;&nbsp;&nbsp;&nbsp;&nbsp;&nbsp;&nbsp;&nbsp;&nbsp;&nbsp; 9-Kapan\u0131\u015f. T\u00dcRK\u0130YE FAHR\u0130 TRAF\u0130K M\u00dcFETT\u0130\u015eLER\u0130 TRAF\u0130K VE YOL G\u00dcVENL\u0130\u011e\u0130\u2026 <span class=\"read-more\"><a href=\"https:\/\/turkiyefahritrafik.org.tr\/?p=296\">Read More &raquo;<\/a><\/span><\/p>\n","protected":false},"author":1,"featured_media":302,"comment_status":"open","ping_status":"open","sticky":false,"template":"","format":"standard","meta":{"footnotes":""},"categories":[11],"tags":[],"class_list":["post-296","post","type-post","status-publish","format-standard","has-post-thumbnail","hentry","category-yazilar"],"_links":{"self":[{"href":"https:\/\/turkiyefahritrafik.org.tr\/index.php?rest_route=\/wp\/v2\/posts\/296","targetHints":{"allow":["GET"]}}],"collection":[{"href":"https:\/\/turkiyefahritrafik.org.tr\/index.php?rest_route=\/wp\/v2\/posts"}],"about":[{"href":"https:\/\/turkiyefahritrafik.org.tr\/index.php?rest_route=\/wp\/v2\/types\/post"}],"author":[{"embeddable":true,"href":"https:\/\/turkiyefahritrafik.org.tr\/index.php?rest_route=\/wp\/v2\/users\/1"}],"replies":[{"embeddable":true,"href":"https:\/\/turkiyefahritrafik.org.tr\/index.php?rest_route=%2Fwp%2Fv2%2Fcomments&post=296"}],"version-history":[{"count":9,"href":"https:\/\/turkiyefahritrafik.org.tr\/index.php?rest_route=\/wp\/v2\/posts\/296\/revisions"}],"predecessor-version":[{"id":307,"href":"https:\/\/turkiyefahritrafik.org.tr\/index.php?rest_route=\/wp\/v2\/posts\/296\/revisions\/307"}],"wp:featuredmedia":[{"embeddable":true,"href":"https:\/\/turkiyefahritrafik.org.tr\/index.php?rest_route=\/wp\/v2\/media\/302"}],"wp:attachment":[{"href":"https:\/\/turkiyefahritrafik.org.tr\/index.php?rest_route=%2Fwp%2Fv2%2Fmedia&parent=296"}],"wp:term":[{"taxonomy":"category","embeddable":true,"href":"https:\/\/turkiyefahritrafik.org.tr\/index.php?rest_route=%2Fwp%2Fv2%2Fcategories&post=296"},{"taxonomy":"post_tag","embeddable":true,"href":"https:\/\/turkiyefahritrafik.org.tr\/index.php?rest_route=%2Fwp%2Fv2%2Ftags&post=296"}],"curies":[{"name":"wp","href":"https:\/\/api.w.org\/{rel}","templated":true}]}}