{"id":382,"date":"2025-02-16T14:17:30","date_gmt":"2025-02-16T14:17:30","guid":{"rendered":"https:\/\/turkiyefahritrafik.org.tr\/?p=382"},"modified":"2025-02-16T14:17:30","modified_gmt":"2025-02-16T14:17:30","slug":"gunumuzde-fahri-trafik-mufettisiligi","status":"publish","type":"post","link":"https:\/\/turkiyefahritrafik.org.tr\/?p=382","title":{"rendered":"G\u00dcN\u00dcM\u00dcZDE FAHR\u0130 TRAF\u0130K M\u00dcFETT\u0130\u015e\u0130L\u0130\u011e\u0130"},"content":{"rendered":"\n<p>2918 Say\u0131l\u0131 Karayollar\u0131 Trafik Kanununda 1996 y\u0131l\u0131nda 4199 Say\u0131l\u0131 Kanunun ek 6 maddesi \u201cS\u00fcr\u00fcc\u00fclerin trafik kurallar\u0131na uyup uymad\u0131\u011f\u0131n\u0131 denetlemekle sorumlu olan yetkililere yard\u0131mc\u0131 olmak \u00fczere Fahri Trafik M\u00fcfetti\u015fli\u011fi ihdas edildi.<\/p>\n\n\n\n<p>M\u00fcfetti\u015f olacaklarda a\u015fa\u011f\u0131daki \u015fartlar aran\u0131r.<\/p>\n\n\n\n<p>a) T\u00fcrkiye Cumhuriyeti vatanda\u015f\u0131 olmak,<\/p>\n\n\n\n<p>b) En az k\u0131rk ya\u015f\u0131nda olmak,<\/p>\n\n\n\n<p>c)&nbsp;En az y\u00fcksekokul mezunu olmak<\/p>\n\n\n\n<p>d) En az on y\u0131ll\u0131k s\u00fcr\u00fcc\u00fc belgesi sahibi olmak,<\/p>\n\n\n\n<p>e)&nbsp;Hakk\u0131nda 2918 say\u0131l\u0131 Kanunun 48 inci maddesine g\u00f6re i\u015flem yap\u0131lmam\u0131\u015f olmas\u0131 veya d\u00fczenlendi\u011fi tarihten itibaren herhangi bir nedenle s\u00fcr\u00fcc\u00fc belgesinin ge\u00e7ici olarak geri al\u0131nmam\u0131\u015f\/iptal edilmemi\u015f olmas\u0131,<\/p>\n\n\n\n<p>&nbsp;&nbsp;&nbsp;&nbsp;&nbsp;&nbsp;&nbsp;&nbsp;&nbsp;&nbsp; f)&nbsp;<strong>(M\u00fclga:RG-3\/9\/2020-31233)<\/strong><\/p>\n\n\n\n<p>g) Kamu hizmetlerinden yasakl\u0131 olmamak,<\/p>\n\n\n\n<p>h) Taksirli su\u00e7lar ve a\u015fa\u011f\u0131da say\u0131lan su\u00e7lar d\u0131\u015f\u0131nda tecil edilmi\u015f h\u00fck\u00fcmler hari\u00e7 olmak \u00fczere, a\u011f\u0131r hapis veya 6 aydan fazla hapis veyahut affa u\u011fram\u0131\u015f olsalar bile devletin \u015fahsiyetine kar\u015f\u0131 i\u015flenen su\u00e7lara, zimmet, ihtiras, irtikap, r\u00fc\u015fvet, h\u0131rs\u0131zl\u0131k, doland\u0131r\u0131c\u0131l\u0131k sahtecilik, inanc\u0131 k\u00f6t\u00fcye kullanma, dolayl\u0131 iflas gibi y\u00fcz k\u0131zart\u0131c\u0131 veya \u015feref ve haysiyeti k\u0131r\u0131c\u0131 su\u00e7tan veya istimal ve istihlak ka\u00e7ak\u00e7\u0131l\u0131\u011f\u0131 hari\u00e7, ka\u00e7ak\u00e7\u0131l\u0131k, resmi ihale ve al\u0131m sat\u0131mlara fesat kar\u0131\u015ft\u0131rma, devlet s\u0131rlar\u0131n\u0131 a\u00e7\u0131\u011fa vurma su\u00e7lar\u0131ndan dolay\u0131 h\u00fck\u00fcml\u00fc bulunmamak. &nbsp;<\/p>\n\n\n\n<p>&nbsp;&nbsp;&nbsp;&nbsp;&nbsp;&nbsp;&nbsp; &nbsp;&nbsp;&nbsp;&nbsp;&nbsp;&nbsp;Bu \u015fartlar kanun \u00e7\u0131kt\u0131\u011f\u0131 y\u0131llarda Cumhurba\u015fkan\u0131 se\u00e7ilme \u015fartlar\u0131ndan daha zordu. Belirtilen \u015fartlara sahip olanlar ya\u015fad\u0131klar\u0131 ilin valili\u011fine istenilen belgeler ile talepte bulunur. Valilik se\u00e7ilmesi uygun g\u00f6r\u00fclenlerin isimlerini Karayolu Trafik G\u00fcvenli\u011fi Kuruluna g\u00f6nderir, yap\u0131lan de\u011ferlendirme sonucu Fahri trafik M\u00fcfetti\u015fi se\u00e7ilmesini uygun g\u00f6rd\u00fcklerinin isimlerini Karayolu Trafik G\u00fcvenli\u011fi Y\u00fcksek Kuruluna g\u00f6nderir bu kurulun se\u00e7ilmesini uygun g\u00f6rd\u00fcklerini ilgili valiliklere bildirilir ve bu ki\u015filer Fahri Trafik M\u00fcfetti\u015fli\u011fi g\u00f6revi verilirdi.<\/p>\n\n\n\n<p>&nbsp;&nbsp;&nbsp;&nbsp;&nbsp;&nbsp;&nbsp;&nbsp;&nbsp;&nbsp;&nbsp;&nbsp;&nbsp; G\u00f6revlendirilen FTM ald\u0131\u011f\u0131 e\u011fitimden sonra g\u00f6reve ba\u015flar ve yetkisinde olan trafik su\u00e7lar\u0131na tutanak d\u00fczenleyerek bir hafta i\u00e7inde g\u00f6revlilere teslim eder. Bu g\u00f6rev \u00fccretsiz yap\u0131l\u0131r. Bir nevi trafi\u011fin gizli g\u00f6z\u00fc olarak hizmet ederler. G\u00f6revini k\u00f6t\u00fcye kullananlara 6 ay hapis cezas\u0131 verilir. &nbsp;&nbsp;<\/p>\n\n\n\n<p>&nbsp;&nbsp;&nbsp;&nbsp;&nbsp;&nbsp;&nbsp;&nbsp;&nbsp;&nbsp;&nbsp;&nbsp;&nbsp; Fahri Trafik M\u00fcfetti\u015fleri y\u0131llarca \u00fcst\u00fcne d\u00fc\u015fen g\u00f6revleri lay\u0131k\u0131yla yap\u0131p kurals\u0131z ya\u015famay\u0131 al\u0131\u015fkanl\u0131k haline getirmi\u015f s\u00fcr\u00fcc\u00fcler i\u00e7in cayd\u0131r\u0131c\u0131 oldu. Ge\u00e7ti\u011fimiz y\u0131llarda Y\u00f6netmelikte yap\u0131lan de\u011fi\u015fiklik ile Fahri Trafik M\u00fcfetti\u015fi se\u00e7ilme \u015fartlar\u0131na sahip olmayan \u0130\u00e7i\u015fleri Bakanl\u0131\u011f\u0131 personeline Fahri Trafik M\u00fcfetti\u015fi yetkisi verildi. Aktif g\u00f6revde olan polisler park etme kural\u0131n\u0131 ihlal eden ara\u00e7lara kendi kimlikleri ile ceza yazma yetkileri oldu\u011fu halde yasak olmas\u0131na ra\u011fmen Fahri Trafik M\u00fcfetti\u015fi yetkisini kullanarak ceza yazm\u0131\u015flard\u0131r. Ceza yaz\u0131lan ara\u00e7lar\u0131n sahipleri televizyonlarda yaz\u0131lan cezalar\u0131n haks\u0131z oldu\u011funu s\u00f6ylemeden bu kadar fazla ceza tutana\u011f\u0131m\u0131 olur diye a\u00e7\u0131klama yapm\u0131\u015flar ve medya bu olay\u0131 ara\u00e7 sahiplerinin ma\u011fduriyetini \u00f6ne \u00e7\u0131kar\u0131p Fahri trafik M\u00fcfetti\u015fli\u011fi m\u00fcessesi aleyhine kamuoyu olu\u015fmas\u0131na vesile olmu\u015flard\u0131r. \u0130\u00e7i\u015fleri bakanl\u0131\u011f\u0131 personeline trafik su\u00e7u tespit tutana\u011f\u0131 d\u00fczenleme yetkisi vermi\u015f olsayd\u0131 FTM m\u00fcessesi y\u0131pranmam\u0131\u015f ve g\u00f6revlilere yard\u0131mc\u0131 olmaya devam edeceklerdi. \u0130\u00e7i\u015fleri Bakanl\u0131\u011f\u0131 kendi personeline veya emeklilerine ayr\u0131 bir d\u00fczenleme ile yetkilendirmesi ve FTM \u00fczerindeki \u015faibeli ortam\u0131n da\u011f\u0131lmas\u0131na zemin haz\u0131rlamal\u0131d\u0131r.<\/p>\n\n\n\n<p>&nbsp;&nbsp;&nbsp;&nbsp;&nbsp;&nbsp;&nbsp;&nbsp;&nbsp;&nbsp;&nbsp; Takip eden s\u00fcre\u00e7te Bakanl\u0131k Fahri trafik M\u00fcfetti\u015flerinin kurals\u0131z duraklayan veya park eden ara\u00e7larla ilgili tutanak d\u00fczenleme yetkilerini geri ald\u0131. Bu durumu f\u0131rsata d\u00f6n\u00fc\u015ft\u00fcren s\u00fcr\u00fcc\u00fcler yolun sa\u011f\u0131na yana\u015f\u0131p park etme veya duraklama imkan\u0131 oldu\u011fu halde oldu\u011fu yerde duraklad\u0131 veya park etti. Kurals\u0131z park eden ta\u015f\u0131t yolda bir \u015feridi kapatmas\u0131 \u00f6zellikle b\u00fcy\u00fck \u015fehirlerde trafikte t\u0131kanmalara ve s\u00fcr\u00fcc\u00fcler aras\u0131nda bazen haber b\u00fcltenlerine konu olan tart\u0131\u015fmalara sebep oldu. Trafikteki tart\u0131\u015fma konular\u0131n\u0131 gidermek i\u00e7in 2918 say\u0131l\u0131 kanunun bu g\u00fcne uygulanmayan 62 maddesi uygulamaya ba\u015flamas\u0131 ve FTM yetkisinden al\u0131nan 60 ve 61 maddelerin tekrar geri verilmesi trafi\u011fin rahatlamas\u0131na yard\u0131mc\u0131 olacakt\u0131r.<\/p>\n\n\n\n<p>&nbsp;&nbsp;&nbsp;&nbsp;&nbsp;&nbsp;&nbsp;&nbsp;&nbsp;&nbsp;&nbsp;&nbsp;&nbsp;&nbsp; Bu geli\u015fmelerden sonra trafik su\u00e7u i\u015fledi\u011fi i\u00e7in FTM taraf\u0131ndan tutanak d\u00fczenlenen s\u00fcr\u00fcc\u00fcler dava a\u00e7t\u0131lar. Davalara bakan mahkemeler ise Fahri Trafik M\u00fcfetti\u015fli\u011fi y\u00f6netmeli\u011fini ve Anayasa Mahkemesi karar\u0131n\u0131 yok sayarak tutanak ekinde su\u00e7u tespit eden delil yok gerek\u00e7esiyle karar verdiler. Mahkemelerin delil toplama ve inceleme yapmadan verdi\u011fi kararlar devlet i\u015fleyi\u015fine olan g\u00fcveni sarsm\u0131\u015ft\u0131r. Ola\u011fan \u015fartlarda davac\u0131 ve kamu g\u00f6revi yapmak i\u00e7in devlet yetkilileri taraf\u0131ndan incelenip se\u00e7ilmi\u015f ki\u015fi beyan\u0131na itibar edip davac\u0131dan delil istemesi gereken mahkemelerin karar verme s\u00fcreci i\u00e7in baz\u0131 standartlar\u0131n belirlenmesine ihtiya\u00e7 vard\u0131r.&nbsp;&nbsp;&nbsp;<\/p>\n\n\n\n<p>&nbsp;&nbsp;&nbsp;&nbsp;&nbsp;&nbsp;&nbsp;&nbsp;&nbsp;&nbsp;&nbsp;&nbsp;&nbsp;&nbsp; Son y\u0131llarda geli\u015fen ara\u00e7 teknolojisi, h\u0131z \u00f6l\u00e7\u00fcm\u00fc yapan cihazlar\u0131n \u00f6l\u00e7\u00fcm yaparken olabilecek hata paylar\u0131, trafik i\u015faretleme vb. konularda yeni standartlar\u0131n belirlenmesine ihtiya\u00e7 vard\u0131r.<\/p>\n\n\n\n<p>&nbsp;&nbsp;&nbsp;&nbsp;&nbsp;&nbsp;&nbsp;&nbsp;&nbsp;&nbsp;&nbsp;&nbsp;&nbsp; B\u00fct\u00fcn s\u00fcr\u00fcc\u00fclere kazas\u0131z s\u00fcr\u00fc\u015fler dilerim.14\/02\/2025<\/p>\n\n\n\n<p>&nbsp;&nbsp;&nbsp;&nbsp;&nbsp;&nbsp;&nbsp;&nbsp;&nbsp;&nbsp;&nbsp;&nbsp;&nbsp;&nbsp;&nbsp;&nbsp;&nbsp;&nbsp;&nbsp;&nbsp;&nbsp;&nbsp;&nbsp;&nbsp;&nbsp;&nbsp;&nbsp;&nbsp;&nbsp;&nbsp;&nbsp;&nbsp;&nbsp;&nbsp;&nbsp;&nbsp;&nbsp;&nbsp;&nbsp;&nbsp;&nbsp;&nbsp;&nbsp;&nbsp;&nbsp;&nbsp;&nbsp;&nbsp;&nbsp;&nbsp;&nbsp;&nbsp;&nbsp;&nbsp;&nbsp;&nbsp;&nbsp;&nbsp;&nbsp;&nbsp;&nbsp;&nbsp;&nbsp;&nbsp;&nbsp;&nbsp;&nbsp;&nbsp;&nbsp;&nbsp;&nbsp;&nbsp;&nbsp;&nbsp;&nbsp;&nbsp;&nbsp;&nbsp;&nbsp;&nbsp;&nbsp;&nbsp;&nbsp;&nbsp;&nbsp;&nbsp;&nbsp;&nbsp;&nbsp;&nbsp;&nbsp;&nbsp;&nbsp;&nbsp;&nbsp;&nbsp;&nbsp;&nbsp;&nbsp;&nbsp;&nbsp;&nbsp;&nbsp;&nbsp;&nbsp; &nbsp;&nbsp;&nbsp;&nbsp;&nbsp;&nbsp;&nbsp;&nbsp;&nbsp;&nbsp;&nbsp;&nbsp;&nbsp;&nbsp;&nbsp;&nbsp;&nbsp;&nbsp;&nbsp;Tahsin SEND\u0130N\u00c7<\/p>\n\n\n\n<p><\/p>\n","protected":false},"excerpt":{"rendered":"<p>2918 Say\u0131l\u0131 Karayollar\u0131 Trafik Kanununda 1996 y\u0131l\u0131nda 4199 Say\u0131l\u0131 Kanunun ek 6 maddesi \u201cS\u00fcr\u00fcc\u00fclerin trafik kurallar\u0131na uyup uymad\u0131\u011f\u0131n\u0131 denetlemekle sorumlu olan yetkililere yard\u0131mc\u0131 olmak \u00fczere Fahri Trafik M\u00fcfetti\u015fli\u011fi ihdas edildi. M\u00fcfetti\u015f olacaklarda a\u015fa\u011f\u0131daki \u015fartlar aran\u0131r. a) T\u00fcrkiye Cumhuriyeti vatanda\u015f\u0131 olmak, b) En az k\u0131rk ya\u015f\u0131nda olmak, c)&nbsp;En az y\u00fcksekokul mezunu olmak d) En az on\u2026 <span class=\"read-more\"><a href=\"https:\/\/turkiyefahritrafik.org.tr\/?p=382\">Read More &raquo;<\/a><\/span><\/p>\n","protected":false},"author":1,"featured_media":290,"comment_status":"open","ping_status":"open","sticky":false,"template":"","format":"standard","meta":{"footnotes":""},"categories":[11],"tags":[],"class_list":["post-382","post","type-post","status-publish","format-standard","has-post-thumbnail","hentry","category-yazilar"],"_links":{"self":[{"href":"https:\/\/turkiyefahritrafik.org.tr\/index.php?rest_route=\/wp\/v2\/posts\/382","targetHints":{"allow":["GET"]}}],"collection":[{"href":"https:\/\/turkiyefahritrafik.org.tr\/index.php?rest_route=\/wp\/v2\/posts"}],"about":[{"href":"https:\/\/turkiyefahritrafik.org.tr\/index.php?rest_route=\/wp\/v2\/types\/post"}],"author":[{"embeddable":true,"href":"https:\/\/turkiyefahritrafik.org.tr\/index.php?rest_route=\/wp\/v2\/users\/1"}],"replies":[{"embeddable":true,"href":"https:\/\/turkiyefahritrafik.org.tr\/index.php?rest_route=%2Fwp%2Fv2%2Fcomments&post=382"}],"version-history":[{"count":2,"href":"https:\/\/turkiyefahritrafik.org.tr\/index.php?rest_route=\/wp\/v2\/posts\/382\/revisions"}],"predecessor-version":[{"id":384,"href":"https:\/\/turkiyefahritrafik.org.tr\/index.php?rest_route=\/wp\/v2\/posts\/382\/revisions\/384"}],"wp:featuredmedia":[{"embeddable":true,"href":"https:\/\/turkiyefahritrafik.org.tr\/index.php?rest_route=\/wp\/v2\/media\/290"}],"wp:attachment":[{"href":"https:\/\/turkiyefahritrafik.org.tr\/index.php?rest_route=%2Fwp%2Fv2%2Fmedia&parent=382"}],"wp:term":[{"taxonomy":"category","embeddable":true,"href":"https:\/\/turkiyefahritrafik.org.tr\/index.php?rest_route=%2Fwp%2Fv2%2Fcategories&post=382"},{"taxonomy":"post_tag","embeddable":true,"href":"https:\/\/turkiyefahritrafik.org.tr\/index.php?rest_route=%2Fwp%2Fv2%2Ftags&post=382"}],"curies":[{"name":"wp","href":"https:\/\/api.w.org\/{rel}","templated":true}]}}