{"id":393,"date":"2025-06-05T05:59:49","date_gmt":"2025-06-05T05:59:49","guid":{"rendered":"https:\/\/turkiyefahritrafik.org.tr\/?p=393"},"modified":"2025-06-05T05:59:49","modified_gmt":"2025-06-05T05:59:49","slug":"bayram-trafigi","status":"publish","type":"post","link":"https:\/\/turkiyefahritrafik.org.tr\/?p=393","title":{"rendered":"Bayram Trafi\u011fi"},"content":{"rendered":"\n<p>Y\u0131llard\u0131r \u00e7\u00f6zemedi\u011fimiz sorunlardan biri olan trafik sorunu bayramlarda artarak devam etmektedir. Ara\u00e7 say\u0131m\u0131zdaki art\u0131\u015fa paralel yol yap\u0131lmad\u0131\u011f\u0131 i\u00e7in \u00f6zellikle dini bayramlarda karayollar\u0131nda trafik yo\u011funlu\u011fu artmaktad\u0131r. Artan trafik yo\u011funlu\u011fu s\u00fcr\u00fcc\u00fclerin her zaman belirli bir zamanda gittikleri yolu bayramda daha uzun bir s\u00fcrede gidece\u011fini anlad\u0131\u011f\u0131nda psikolojisi de\u011fi\u015fmektedir. Yola \u00e7\u0131kt\u0131\u011f\u0131 zamana g\u00f6re psikolojisi de\u011fi\u015fen s\u00fcr\u00fcc\u00fc kalan mesafeyi daha h\u0131zl\u0131 gidip saatinde hedefine ula\u015fmay\u0131 ama\u00e7lamaktad\u0131r<\/p>\n\n\n\n<p>S\u00fcr\u00fcc\u00fclerin yola \u00e7\u0131kmadan \u00f6nce ara\u00e7lar\u0131n\u0131n cam silecekleri, cam suyu, mekanik aksam bak\u0131m\u0131, lastiklerin mevsim ihtiyac\u0131na uygun olup olmad\u0131\u011f\u0131 hava bas\u0131nc\u0131n\u0131n durumu dikkate al\u0131naca\u011f\u0131 bak\u0131m\u0131n yetkili servislerde eksiksiz yap\u0131lmas\u0131 g\u00fcvenli yolculuk i\u00e7in zorunludur.<\/p>\n\n\n\n<p>Arac\u0131n\u0131n yolculu\u011fa haz\u0131r oldu\u011funu bilen s\u00fcr\u00fcc\u00fc dinlenip planlad\u0131\u011f\u0131 saatte yola \u00e7\u0131kmadan \u00f6nce midesine oturmayacak hafif g\u0131da karn\u0131n\u0131 doyurup yola \u00e7\u0131kmal\u0131d\u0131r. Yolda belirli aral\u0131klarla uygun yerlerde mola verip dinlenmeli. Yolcular\u0131n s\u00fcr\u00fcc\u00fcn\u00fcn dikkatini da\u011f\u0131tacak konulara girmemeleri \u00f6nemlidir.&nbsp;<\/p>\n\n\n\n<p>Trafik kurallar\u0131 insanlar\u0131n hedef noktaya en k\u0131sa s\u00fcrede ve g\u00fcvenli olarak ula\u015fabilmek i\u00e7in d\u00fcnya \u00f6l\u00e7e\u011finde insan kan\u0131 ile yaz\u0131lm\u0131\u015f kurallard\u0131r. Trafik kazalar\u0131nda en \u00f6nemli etkenin kulland\u0131\u011f\u0131m\u0131z arac\u0131n h\u0131z\u0131n\u0131 do\u011fru tespit edememi\u015f olmam\u0131zd\u0131r. Yan\u0131 a\u015f\u0131r\u0131 h\u0131zla gitmektir.<\/p>\n\n\n\n<p>Bayramda yola \u00e7\u0131kacak b\u00fct\u00fcn s\u00fcr\u00fcc\u00fclere karayollar\u0131nda trafik i\u015faret ve i\u015faret\u00e7ilerinin verece\u011fi talimatlara eksiksiz uymalar\u0131 gidecekleri yere m\u00fcmk\u00fcn olan en k\u0131sa s\u00fcrede ve g\u00fcvenli olarak varmalar\u0131na yard\u0131m edece\u011fini unutmadan kurallara uymalar\u0131n\u0131 dilerim. 04\/06\/2025<\/p>\n\n\n\n<p>&nbsp;&nbsp;&nbsp;&nbsp;&nbsp;&nbsp;&nbsp;&nbsp;&nbsp;&nbsp;&nbsp;&nbsp;&nbsp;&nbsp;&nbsp;&nbsp;&nbsp;&nbsp;&nbsp;&nbsp;&nbsp;&nbsp;&nbsp;&nbsp;&nbsp;&nbsp;&nbsp;&nbsp;&nbsp;&nbsp;&nbsp;&nbsp;&nbsp;&nbsp;&nbsp;&nbsp;&nbsp;&nbsp;&nbsp;&nbsp;&nbsp;&nbsp;&nbsp;&nbsp;&nbsp;&nbsp;&nbsp;&nbsp;&nbsp;&nbsp;&nbsp;&nbsp;&nbsp;&nbsp;&nbsp;&nbsp;&nbsp;&nbsp;&nbsp;&nbsp;&nbsp;&nbsp;&nbsp;&nbsp;&nbsp;&nbsp;&nbsp;&nbsp;&nbsp;&nbsp;&nbsp;&nbsp;&nbsp;&nbsp;&nbsp;&nbsp;&nbsp;&nbsp;&nbsp;&nbsp;&nbsp;&nbsp;&nbsp;&nbsp;&nbsp;&nbsp;&nbsp;&nbsp;&nbsp;&nbsp;&nbsp;&nbsp;&nbsp;&nbsp;&nbsp;&nbsp;&nbsp;&nbsp;&nbsp;&nbsp;&nbsp;&nbsp;&nbsp;&nbsp;&nbsp;&nbsp; &nbsp;Tahsin SEND\u0130N\u00c7<\/p>\n\n\n\n<p>&nbsp;&nbsp;&nbsp;&nbsp;&nbsp;&nbsp;&nbsp;&nbsp;&nbsp;&nbsp;&nbsp;&nbsp;&nbsp;&nbsp;&nbsp;&nbsp;&nbsp;&nbsp;&nbsp;&nbsp;&nbsp;&nbsp;&nbsp;&nbsp;&nbsp;&nbsp;&nbsp;&nbsp;&nbsp;&nbsp;&nbsp;&nbsp;&nbsp;&nbsp;&nbsp;&nbsp;&nbsp;&nbsp;&nbsp;&nbsp;&nbsp;&nbsp;&nbsp;&nbsp;&nbsp;&nbsp;&nbsp;&nbsp;&nbsp;&nbsp;&nbsp;&nbsp;&nbsp;&nbsp;&nbsp;&nbsp;&nbsp;&nbsp;&nbsp;&nbsp;&nbsp;&nbsp;&nbsp;&nbsp;&nbsp;&nbsp;&nbsp;&nbsp;&nbsp;&nbsp;&nbsp;&nbsp;&nbsp;&nbsp;&nbsp;&nbsp;&nbsp;&nbsp;&nbsp;&nbsp;&nbsp;&nbsp;&nbsp;&nbsp;&nbsp;&nbsp;&nbsp;&nbsp;&nbsp;&nbsp;&nbsp;&nbsp;&nbsp;&nbsp;&nbsp;&nbsp;&nbsp;&nbsp;&nbsp;&nbsp;&nbsp;&nbsp;&nbsp;&nbsp;&nbsp;&nbsp;&nbsp;&nbsp;&nbsp;&nbsp; Genel Ba\u015fkan<\/p>\n","protected":false},"excerpt":{"rendered":"<p>Y\u0131llard\u0131r \u00e7\u00f6zemedi\u011fimiz sorunlardan biri olan trafik sorunu bayramlarda artarak devam etmektedir. Ara\u00e7 say\u0131m\u0131zdaki art\u0131\u015fa paralel yol yap\u0131lmad\u0131\u011f\u0131 i\u00e7in \u00f6zellikle dini bayramlarda karayollar\u0131nda trafik yo\u011funlu\u011fu artmaktad\u0131r. Artan trafik yo\u011funlu\u011fu s\u00fcr\u00fcc\u00fclerin her zaman belirli bir zamanda gittikleri yolu bayramda daha uzun bir s\u00fcrede gidece\u011fini anlad\u0131\u011f\u0131nda psikolojisi de\u011fi\u015fmektedir. Yola \u00e7\u0131kt\u0131\u011f\u0131 zamana g\u00f6re psikolojisi de\u011fi\u015fen s\u00fcr\u00fcc\u00fc kalan mesafeyi daha\u2026 <span class=\"read-more\"><a href=\"https:\/\/turkiyefahritrafik.org.tr\/?p=393\">Read More &raquo;<\/a><\/span><\/p>\n","protected":false},"author":1,"featured_media":0,"comment_status":"open","ping_status":"open","sticky":false,"template":"","format":"standard","meta":{"footnotes":""},"categories":[11],"tags":[],"class_list":["post-393","post","type-post","status-publish","format-standard","hentry","category-yazilar"],"_links":{"self":[{"href":"https:\/\/turkiyefahritrafik.org.tr\/index.php?rest_route=\/wp\/v2\/posts\/393","targetHints":{"allow":["GET"]}}],"collection":[{"href":"https:\/\/turkiyefahritrafik.org.tr\/index.php?rest_route=\/wp\/v2\/posts"}],"about":[{"href":"https:\/\/turkiyefahritrafik.org.tr\/index.php?rest_route=\/wp\/v2\/types\/post"}],"author":[{"embeddable":true,"href":"https:\/\/turkiyefahritrafik.org.tr\/index.php?rest_route=\/wp\/v2\/users\/1"}],"replies":[{"embeddable":true,"href":"https:\/\/turkiyefahritrafik.org.tr\/index.php?rest_route=%2Fwp%2Fv2%2Fcomments&post=393"}],"version-history":[{"count":1,"href":"https:\/\/turkiyefahritrafik.org.tr\/index.php?rest_route=\/wp\/v2\/posts\/393\/revisions"}],"predecessor-version":[{"id":394,"href":"https:\/\/turkiyefahritrafik.org.tr\/index.php?rest_route=\/wp\/v2\/posts\/393\/revisions\/394"}],"wp:attachment":[{"href":"https:\/\/turkiyefahritrafik.org.tr\/index.php?rest_route=%2Fwp%2Fv2%2Fmedia&parent=393"}],"wp:term":[{"taxonomy":"category","embeddable":true,"href":"https:\/\/turkiyefahritrafik.org.tr\/index.php?rest_route=%2Fwp%2Fv2%2Fcategories&post=393"},{"taxonomy":"post_tag","embeddable":true,"href":"https:\/\/turkiyefahritrafik.org.tr\/index.php?rest_route=%2Fwp%2Fv2%2Ftags&post=393"}],"curies":[{"name":"wp","href":"https:\/\/api.w.org\/{rel}","templated":true}]}}